{"id":203,"date":"2020-10-17T18:53:00","date_gmt":"2020-10-17T18:53:00","guid":{"rendered":"https:\/\/caecilia-wernau.de\/?p=203"},"modified":"2021-10-01T19:24:42","modified_gmt":"2021-10-01T19:24:42","slug":"die-jaehrliche-abteilungssitzung-der-maskengruppe-auf-eine-ganz-andere-art-und-weise","status":"publish","type":"post","link":"https:\/\/caecilia-wernau.de\/index.php\/2020\/10\/17\/die-jaehrliche-abteilungssitzung-der-maskengruppe-auf-eine-ganz-andere-art-und-weise\/","title":{"rendered":"Die j\u00e4hrliche Abteilungssitzung der Maskengruppe &#8211; auf eine ganz andere Art und Weise"},"content":{"rendered":"\n<p>(JM) Mit Corona ist nichts so, wie man es kennt. Die Pandemie hat auch vor unserem Vereinsleben keinen Halt gemacht und uns mit einer Wucht \u00fcberrollt, bei der uns schwindelig geworden ist. Und trotzdem wollen und werden wir uns dieser Herausforderung stellen.&nbsp;<br>So entschieden wir uns die j\u00e4hrliche Abteilungssitzung als virtuelle Versammlung abzuhalten. Zwar trifft sich der Vorstand der Maskengruppe bereits seit einer geraumen Zeit online, allerdings war eine solche Versammlung f\u00fcr uns eine Pr\u00e4miere. [&#8230;]&nbsp;<br>Nach mehr als drei Jahren stellten unsere Gruppensprecherin Janine Kirchmann und unser Beiratsmitglied Marc Suffel ihre \u00c4mter nach ihrer Amtszeit zur Verf\u00fcgung. Sowohl bei dem Posten des Gruppensprechers, wie auch bei dem Posten des Beiratsmitglieds standen mehrere Mitglieder zur Wahl. Virtuell stimmten die Mitglieder ab und innerhalb k\u00fcrzester Zeit lagen die Ergebnisse der beiden Wahlg\u00e4nge vor. Im Ergebnis wurde Benjamin Schulz zum neuen Gruppensprecher gew\u00e4hlt. Als Beiratsmitglied wurde Heiko Hennings im getrennten Wahlgang gew\u00e4hlt. [&#8230;]<br>Abschlie\u00dfend wollen wir Danke sagen!&nbsp;<br>Vielen Dank f\u00fcr eure Arbeit, euer Vertrauen und euren Einsatz in den vergangenen drei Jahren, liebe Janine und lieber Marc. Es war immer eine Freude auf euch zu treffen und mit euch Zeit zu verbringen. Ihr habt viele gute Ideen und neue Wege in die Vereinsarbeit gebracht! <\/p>\n\n\n\n<p>Wir sagen auch Danke an diejenigen, die mit ihren Kandidaturen, ihre Bereitschaft deutlich gemacht haben, sich f\u00fcr unseren Verein \u00fcber das \u00fcbliche Ma\u00df zu engagieren. Wir freuen uns, dass Benjamin als neuer Gruppensprecher und&nbsp;Heiko&nbsp;als neues Beiratsmitglied den Vorstand der Maskengruppe erg\u00e4nzen werden. <\/p>\n\n\n\n<p>Wir w\u00fcnschen gute Hand f\u00fcr die anstehenden Aufgaben.&nbsp;<\/p>\n","protected":false},"excerpt":{"rendered":"<p>(JM) Mit Corona ist nichts so, wie man es kennt. Die Pandemie hat auch vor unserem Vereinsleben keinen Halt gemacht und uns mit einer Wucht \u00fcberrollt, bei der uns schwindelig geworden ist. Und trotzdem wollen und werden wir uns dieser Herausforderung stellen.&nbsp;So entschieden wir uns die j\u00e4hrliche Abteilungssitzung als virtuelle Versammlung abzuhalten. Zwar trifft sich der Vorstand der Maskengruppe bereits seit einer geraumen Zeit online, allerdings war eine solche Versammlung f\u00fcr uns eine Pr\u00e4miere. [&#8230;]&nbsp;Nach mehr als drei Jahren stellten unsere Gruppensprecherin Janine Kirchmann und unser Beiratsmitglied Marc Suffel ihre \u00c4mter nach ihrer Amtszeit zur Verf\u00fcgung. Sowohl bei dem Posten des Gruppensprechers, wie auch bei dem Posten des Beiratsmitglieds standen mehrere Mitglieder zur Wahl. Virtuell stimmten die Mitglieder ab und innerhalb k\u00fcrzester Zeit lagen die Ergebnisse der beiden Wahlg\u00e4nge vor. Im Ergebnis wurde Benjamin Schulz zum neuen Gruppensprecher gew\u00e4hlt. Als Beiratsmitglied wurde Heiko Hennings im getrennten Wahlgang gew\u00e4hlt. [&#8230;]Abschlie\u00dfend wollen wir Danke sagen!&nbsp;Vielen Dank f\u00fcr eure Arbeit, euer Vertrauen und euren Einsatz in den vergangenen drei Jahren, liebe Janine und lieber Marc. Es war immer eine Freude auf euch zu treffen und mit euch Zeit zu verbringen. Ihr habt viele gute Ideen und neue Wege in die Vereinsarbeit gebracht! Wir sagen auch Danke an diejenigen, die mit ihren Kandidaturen, ihre Bereitschaft deutlich gemacht haben, sich f\u00fcr unseren Verein \u00fcber das \u00fcbliche Ma\u00df zu engagieren. Wir freuen uns, dass Benjamin als neuer Gruppensprecher und&nbsp;Heiko&nbsp;als neues Beiratsmitglied den Vorstand der Maskengruppe erg\u00e4nzen werden. Wir w\u00fcnschen gute Hand f\u00fcr die anstehenden Aufgaben.&nbsp;<\/p>\n","protected":false},"author":1,"featured_media":204,"comment_status":"closed","ping_status":"closed","sticky":false,"template":"","format":"standard","meta":{"footnotes":""},"categories":[6],"tags":[],"class_list":["post-203","post","type-post","status-publish","format-standard","has-post-thumbnail","hentry","category-maskengruppe"],"_links":{"self":[{"href":"https:\/\/caecilia-wernau.de\/index.php\/wp-json\/wp\/v2\/posts\/203","targetHints":{"allow":["GET"]}}],"collection":[{"href":"https:\/\/caecilia-wernau.de\/index.php\/wp-json\/wp\/v2\/posts"}],"about":[{"href":"https:\/\/caecilia-wernau.de\/index.php\/wp-json\/wp\/v2\/types\/post"}],"author":[{"embeddable":true,"href":"https:\/\/caecilia-wernau.de\/index.php\/wp-json\/wp\/v2\/users\/1"}],"replies":[{"embeddable":true,"href":"https:\/\/caecilia-wernau.de\/index.php\/wp-json\/wp\/v2\/comments?post=203"}],"version-history":[{"count":2,"href":"https:\/\/caecilia-wernau.de\/index.php\/wp-json\/wp\/v2\/posts\/203\/revisions"}],"predecessor-version":[{"id":209,"href":"https:\/\/caecilia-wernau.de\/index.php\/wp-json\/wp\/v2\/posts\/203\/revisions\/209"}],"wp:featuredmedia":[{"embeddable":true,"href":"https:\/\/caecilia-wernau.de\/index.php\/wp-json\/wp\/v2\/media\/204"}],"wp:attachment":[{"href":"https:\/\/caecilia-wernau.de\/index.php\/wp-json\/wp\/v2\/media?parent=203"}],"wp:term":[{"taxonomy":"category","embeddable":true,"href":"https:\/\/caecilia-wernau.de\/index.php\/wp-json\/wp\/v2\/categories?post=203"},{"taxonomy":"post_tag","embeddable":true,"href":"https:\/\/caecilia-wernau.de\/index.php\/wp-json\/wp\/v2\/tags?post=203"}],"curies":[{"name":"wp","href":"https:\/\/api.w.org\/{rel}","templated":true}]}}