{"id":210,"date":"2021-02-13T19:14:00","date_gmt":"2021-02-13T19:14:00","guid":{"rendered":"https:\/\/caecilia-wernau.de\/?p=210"},"modified":"2021-10-01T19:25:53","modified_gmt":"2021-10-01T19:25:53","slug":"die-fasnet-2020-im-herzen","status":"publish","type":"post","link":"https:\/\/caecilia-wernau.de\/index.php\/2021\/02\/13\/die-fasnet-2020-im-herzen\/","title":{"rendered":"Die Fasnet 2020 im Herzen"},"content":{"rendered":"\n<p>Leider kann dieses Jahr die Fasnet nicht so stattfinden, wie wir es alle gewohnt sind. Kein &#8222;Anh\u00e4sen&#8220;, kein Gebimmel auf der Stra\u00dfe, kein Konfetti oder Umz\u00fcge und Veranstaltungen. Der Winter muss dieses Jahr auf andere Weise ausgetrieben werden!<\/p>\n\n\n\n<p>Die Maskengruppe hat sich f\u00fcr das traditionelle H\u00e4sabstauben am 6. Januar dennoch was einfallen lassen und die ganze Veranstaltung einfach digital abgehalten &#8211; nat\u00fcrlich auch mit gemeinsamen Aufh\u00e4sen!<\/p>\n\n\n\n<p>Alle Wernauer Maskengruppen und die Guggenmusik haben sich f\u00fcr die Hauptfasnet zusammengetan und gemeinsam starke Aktionen auf den Weg gebracht. \u00dcberall in Wernau sind durch die Narrenbaumchallange viele individuelle und wundersch\u00f6ne Narrenb\u00e4ume entstanden: nat\u00fcrlich stand auch ein tolles Exemplar auf der Sulz. Vielen Dank an den kath. Kindergarten St. Pius f\u00fcr die tatkr\u00e4ftige Unterst\u00fctzung bei der Gestaltung!<\/p>\n\n\n\n<div class=\"wp-block-image is-style-default\"><figure class=\"aligncenter size-full is-resized\"><img fetchpriority=\"high\" decoding=\"async\" src=\"https:\/\/caecilia-wernau.de\/wp-content\/uploads\/2021\/10\/Narrenbaum.jpeg\" alt=\"\" class=\"wp-image-211\" width=\"404\" height=\"404\" srcset=\"https:\/\/caecilia-wernau.de\/wp-content\/uploads\/2021\/10\/Narrenbaum.jpeg 960w, https:\/\/caecilia-wernau.de\/wp-content\/uploads\/2021\/10\/Narrenbaum-300x300.jpeg 300w, https:\/\/caecilia-wernau.de\/wp-content\/uploads\/2021\/10\/Narrenbaum-150x150.jpeg 150w, https:\/\/caecilia-wernau.de\/wp-content\/uploads\/2021\/10\/Narrenbaum-768x768.jpeg 768w, https:\/\/caecilia-wernau.de\/wp-content\/uploads\/2021\/10\/Narrenbaum-75x75.jpeg 75w\" sizes=\"(max-width: 404px) 100vw, 404px\" \/><\/figure><\/div>\n\n\n\n<p>Eine andere Aktion der Wernauer Maskenvereine war der Malwettbewerb f\u00fcr die Kinder und Jugendlichen in Wernau. Knapp einen Monat hatten die jungen K\u00fcnstler und K\u00fcnstlerinnen Zeit die Figuren der Gruppierungen gestalterisch darzustellen und ihre Kunstwerke abzugeben. Eine Jury entschied sich dann f\u00fcr die besten Kunstwerke &#8211; was wirklich gar nicht so einfach war. Die ersten Pl\u00e4tze bekamen danach ganz coronakonform ihre Preise ausgeliefert. Vielen Dank f\u00fcrs Mitmachen!<\/p>\n\n\n\n<div class=\"wp-block-image is-style-default\"><figure class=\"aligncenter size-large is-resized\"><img decoding=\"async\" src=\"https:\/\/caecilia-wernau.de\/wp-content\/uploads\/2021\/10\/Malwettbewerb-1024x552.jpeg\" alt=\"\" class=\"wp-image-212\" width=\"558\" height=\"300\" srcset=\"https:\/\/caecilia-wernau.de\/wp-content\/uploads\/2021\/10\/Malwettbewerb-1024x552.jpeg 1024w, https:\/\/caecilia-wernau.de\/wp-content\/uploads\/2021\/10\/Malwettbewerb-300x162.jpeg 300w, https:\/\/caecilia-wernau.de\/wp-content\/uploads\/2021\/10\/Malwettbewerb-768x414.jpeg 768w, https:\/\/caecilia-wernau.de\/wp-content\/uploads\/2021\/10\/Malwettbewerb-1536x828.jpeg 1536w, https:\/\/caecilia-wernau.de\/wp-content\/uploads\/2021\/10\/Malwettbewerb-1140x615.jpeg 1140w, https:\/\/caecilia-wernau.de\/wp-content\/uploads\/2021\/10\/Malwettbewerb.jpeg 1921w\" sizes=\"(max-width: 558px) 100vw, 558px\" \/><\/figure><\/div>\n\n\n\n<p>Diese Kampagne war wahrhaftig anders, dennoch auch interessant und spannend. Wir sind uns aber ziemlich sicher, dass wir uns nun umso mehr auf eine &#8222;normale&#8220; Kampagne mit Umz\u00fcgen, Konfetti, S\u00fc\u00dfigkeiten und vor allem im H\u00e4s freuen!<\/p>\n","protected":false},"excerpt":{"rendered":"<p>Leider kann dieses Jahr die Fasnet nicht so stattfinden, wie wir es alle gewohnt sind. Kein &#8222;Anh\u00e4sen&#8220;, kein Gebimmel auf der Stra\u00dfe, kein Konfetti oder Umz\u00fcge und Veranstaltungen. Der Winter muss dieses Jahr auf andere Weise ausgetrieben werden! Die Maskengruppe hat sich f\u00fcr das traditionelle H\u00e4sabstauben am 6. Januar dennoch was einfallen lassen und die ganze Veranstaltung einfach digital abgehalten &#8211; nat\u00fcrlich auch mit gemeinsamen Aufh\u00e4sen! Alle Wernauer Maskengruppen und die Guggenmusik haben sich f\u00fcr die Hauptfasnet zusammengetan und gemeinsam starke Aktionen auf den Weg gebracht. \u00dcberall in Wernau sind durch die Narrenbaumchallange viele individuelle und wundersch\u00f6ne Narrenb\u00e4ume entstanden: nat\u00fcrlich stand auch ein tolles Exemplar auf der Sulz. Vielen Dank an den kath. Kindergarten St. Pius f\u00fcr die tatkr\u00e4ftige Unterst\u00fctzung bei der Gestaltung! Eine andere Aktion der Wernauer Maskenvereine war der Malwettbewerb f\u00fcr die Kinder und Jugendlichen in Wernau. Knapp einen Monat hatten die jungen K\u00fcnstler und K\u00fcnstlerinnen Zeit die Figuren der Gruppierungen gestalterisch darzustellen und ihre Kunstwerke abzugeben. Eine Jury entschied sich dann f\u00fcr die besten Kunstwerke &#8211; was wirklich gar nicht so einfach war. Die ersten Pl\u00e4tze bekamen danach ganz coronakonform ihre Preise ausgeliefert. Vielen Dank f\u00fcrs Mitmachen! Diese Kampagne war wahrhaftig anders, dennoch auch interessant und spannend. Wir sind uns aber ziemlich sicher, dass wir uns nun umso mehr auf eine &#8222;normale&#8220; Kampagne mit Umz\u00fcgen, Konfetti, S\u00fc\u00dfigkeiten und vor allem im H\u00e4s freuen!<\/p>\n","protected":false},"author":1,"featured_media":213,"comment_status":"closed","ping_status":"closed","sticky":false,"template":"","format":"standard","meta":{"footnotes":""},"categories":[6],"tags":[],"class_list":["post-210","post","type-post","status-publish","format-standard","has-post-thumbnail","hentry","category-maskengruppe"],"_links":{"self":[{"href":"https:\/\/caecilia-wernau.de\/index.php\/wp-json\/wp\/v2\/posts\/210","targetHints":{"allow":["GET"]}}],"collection":[{"href":"https:\/\/caecilia-wernau.de\/index.php\/wp-json\/wp\/v2\/posts"}],"about":[{"href":"https:\/\/caecilia-wernau.de\/index.php\/wp-json\/wp\/v2\/types\/post"}],"author":[{"embeddable":true,"href":"https:\/\/caecilia-wernau.de\/index.php\/wp-json\/wp\/v2\/users\/1"}],"replies":[{"embeddable":true,"href":"https:\/\/caecilia-wernau.de\/index.php\/wp-json\/wp\/v2\/comments?post=210"}],"version-history":[{"count":1,"href":"https:\/\/caecilia-wernau.de\/index.php\/wp-json\/wp\/v2\/posts\/210\/revisions"}],"predecessor-version":[{"id":214,"href":"https:\/\/caecilia-wernau.de\/index.php\/wp-json\/wp\/v2\/posts\/210\/revisions\/214"}],"wp:featuredmedia":[{"embeddable":true,"href":"https:\/\/caecilia-wernau.de\/index.php\/wp-json\/wp\/v2\/media\/213"}],"wp:attachment":[{"href":"https:\/\/caecilia-wernau.de\/index.php\/wp-json\/wp\/v2\/media?parent=210"}],"wp:term":[{"taxonomy":"category","embeddable":true,"href":"https:\/\/caecilia-wernau.de\/index.php\/wp-json\/wp\/v2\/categories?post=210"},{"taxonomy":"post_tag","embeddable":true,"href":"https:\/\/caecilia-wernau.de\/index.php\/wp-json\/wp\/v2\/tags?post=210"}],"curies":[{"name":"wp","href":"https:\/\/api.w.org\/{rel}","templated":true}]}}