{"id":526,"date":"2023-05-26T05:44:46","date_gmt":"2023-05-26T05:44:46","guid":{"rendered":"https:\/\/caecilia-wernau.de\/?p=526"},"modified":"2024-10-14T12:11:11","modified_gmt":"2024-10-14T12:11:11","slug":"maskengruppe-makes-sommerfest","status":"publish","type":"post","link":"https:\/\/caecilia-wernau.de\/index.php\/2023\/05\/26\/maskengruppe-makes-sommerfest\/","title":{"rendered":"Maskengruppe makes Sommerfest"},"content":{"rendered":"\n<p>Zum ersten Mal stemmt die Maskengruppe des Gesangverein C\u00e4cilia Wernau e.V. das Sommerfest allein.<\/p>\n\n\n\n<p>&#8230;<\/p>\n\n\n\n<p>Dazu seid ihr alle herzlich auf unserem sch\u00f6nem Vereinsgel\u00e4nde eingeladen.<\/p>\n\n\n\n<p>Unsere Bar, mit dem Motto \u201eMaskengruppe\u201c, versorgt euch mit k\u00fchlen und leckeren Drinks.<\/p>\n\n\n\n<p>Gutes Essen, wie z.B. einen Sulz-Burger, kann in guter Gesellschaft genossen werden.<\/p>\n\n\n\n<p>F\u00fcr die Stimmung und die musikalische Begleitung auf der Sulz, sorgt f\u00fcr euch ein DJ.<\/p>\n\n\n\n<p>Ihr wisst nicht, was ihr am 15. Juli vorhabt? Dann kommt zu uns und unterst\u00fctzt die Maskengruppe! <\/p>\n\n\n\n<p>Habt Spa\u00df, esst, trinkt, tanzt und trefft Freunde bei Freunden.<\/p>\n\n\n\n<p>Wir freuen uns auf euch!<\/p>\n","protected":false},"excerpt":{"rendered":"<p>Zum ersten Mal stemmt die Maskengruppe des Gesangverein C\u00e4cilia Wernau e.V. das Sommerfest allein. &#8230; Dazu seid ihr alle herzlich auf unserem sch\u00f6nem Vereinsgel\u00e4nde eingeladen. Unsere Bar, mit dem Motto \u201eMaskengruppe\u201c, versorgt euch mit k\u00fchlen und leckeren Drinks. Gutes Essen, wie z.B. einen Sulz-Burger, kann in guter Gesellschaft genossen werden. F\u00fcr die Stimmung und die musikalische Begleitung auf der Sulz, sorgt f\u00fcr euch ein DJ. Ihr wisst nicht, was ihr am 15. Juli vorhabt? Dann kommt zu uns und unterst\u00fctzt die Maskengruppe! Habt Spa\u00df, esst, trinkt, tanzt und trefft Freunde bei Freunden. Wir freuen uns auf euch!<\/p>\n","protected":false},"author":1,"featured_media":527,"comment_status":"closed","ping_status":"closed","sticky":false,"template":"","format":"standard","meta":{"footnotes":""},"categories":[6],"tags":[13,5,18,19],"class_list":["post-526","post","type-post","status-publish","format-standard","has-post-thumbnail","hentry","category-maskengruppe","tag-caecilia","tag-maskengruppe","tag-sommerfest","tag-vereinsgelaende"],"_links":{"self":[{"href":"https:\/\/caecilia-wernau.de\/index.php\/wp-json\/wp\/v2\/posts\/526","targetHints":{"allow":["GET"]}}],"collection":[{"href":"https:\/\/caecilia-wernau.de\/index.php\/wp-json\/wp\/v2\/posts"}],"about":[{"href":"https:\/\/caecilia-wernau.de\/index.php\/wp-json\/wp\/v2\/types\/post"}],"author":[{"embeddable":true,"href":"https:\/\/caecilia-wernau.de\/index.php\/wp-json\/wp\/v2\/users\/1"}],"replies":[{"embeddable":true,"href":"https:\/\/caecilia-wernau.de\/index.php\/wp-json\/wp\/v2\/comments?post=526"}],"version-history":[{"count":4,"href":"https:\/\/caecilia-wernau.de\/index.php\/wp-json\/wp\/v2\/posts\/526\/revisions"}],"predecessor-version":[{"id":531,"href":"https:\/\/caecilia-wernau.de\/index.php\/wp-json\/wp\/v2\/posts\/526\/revisions\/531"}],"wp:featuredmedia":[{"embeddable":true,"href":"https:\/\/caecilia-wernau.de\/index.php\/wp-json\/wp\/v2\/media\/527"}],"wp:attachment":[{"href":"https:\/\/caecilia-wernau.de\/index.php\/wp-json\/wp\/v2\/media?parent=526"}],"wp:term":[{"taxonomy":"category","embeddable":true,"href":"https:\/\/caecilia-wernau.de\/index.php\/wp-json\/wp\/v2\/categories?post=526"},{"taxonomy":"post_tag","embeddable":true,"href":"https:\/\/caecilia-wernau.de\/index.php\/wp-json\/wp\/v2\/tags?post=526"}],"curies":[{"name":"wp","href":"https:\/\/api.w.org\/{rel}","templated":true}]}}